{"id":1192,"date":"2015-04-08T11:58:01","date_gmt":"2015-04-08T08:58:01","guid":{"rendered":"https:\/\/www.e-kontakti.fi\/blogi\/?p=1192"},"modified":"2015-05-20T13:40:52","modified_gmt":"2015-05-20T10:40:52","slug":"rakkaus-loytyi-netista-kiinnostus-alkoi-vaarasta-tiedosta","status":"publish","type":"post","link":"https:\/\/www.e-kontakti.fi\/blogi\/rakkaus-loytyi-netista-kiinnostus-alkoi-vaarasta-tiedosta\/","title":{"rendered":"Rakkaus l\u00f6ytyi netist\u00e4: Kiinnostus alkoi v\u00e4\u00e4r\u00e4st\u00e4 tiedosta"},"content":{"rendered":"<div id=\"attachment_1194\" style=\"width: 1268px\" class=\"wp-caption alignnone\"><a href=\"https:\/\/www.e-kontakti.fi\/blogi\/rakkaus-loytyi-netista-kiinnostus-alkoi-vaarasta-tiedosta\/\"><img loading=\"lazy\" decoding=\"async\" aria-describedby=\"caption-attachment-1194\" class=\"size-full wp-image-1194\" src=\"https:\/\/www.e-kontakti.fi\/blogi\/wp-content\/uploads\/2015\/04\/x1258x800_EK_blogikuvapohja_kuva1.jpg\" alt=\"Tiinan ja Jukka-Pekan rakkaus alkoi vauhdikkaasti ja h\u00e4it\u00e4 vietettiinkin jo vuoden kuluttua ensitapaamisesta!\" width=\"1258\" height=\"800\" \/><\/a><p id=\"caption-attachment-1194\" class=\"wp-caption-text\"><\/a> Tiinan ja Jukka-Pekan rakkaus alkoi vauhdikkaasti ja h\u00e4it\u00e4 vietettiinkin jo vuoden kuluttua ensitapaamisesta!<\/p><h1 class=\"entry-title front-page\"><a href=\"https:\/\/www.e-kontakti.fi\/blogi\/rakkaus-loytyi-netista-kiinnostus-alkoi-vaarasta-tiedosta\/\" title=\"Rakkaus l\u00f6ytyi netist\u00e4: Kiinnostus alkoi v\u00e4\u00e4r\u00e4st\u00e4 tiedosta\" rel=\"bookmark\">Rakkaus l\u00f6ytyi netist\u00e4: Kiinnostus alkoi v\u00e4\u00e4r\u00e4st\u00e4 tiedosta<\/a><\/h1><div class=\"entry-timestamp front-page\"><span class=\"entry-timestamp-day\">8. <\/span><span class=\"entry-timestamp-month\">huhtikuuta <\/span><span class=\"entry-timestamp-year\">2015<\/span><\/div><\/div>\n<p><strong>Porvoolaisen Tiinan, 48, ja sipoolaisen Jukka-Pekan, 55, tositarina tapaamisestaan E-kontakti.fiss\u00e4 alkoi marraskuussa 2013, kun vaalea Tiina her\u00e4tti miehen huomion nettideittisivustolla, tosin v\u00e4\u00e4r\u00e4ll\u00e4 asialla..<\/strong><!--more--><\/p>\n<p>JP innostui sivustolla erityisesti siit\u00e4, ett\u00e4 Tiina kertoi harrastavansa py\u00f6r\u00e4ily\u00e4, miehen lempiajanvietett\u00e4. Jossain vaiheessa ilmenikin, ett\u00e4 ei Tiina nyt niin innokas ollut py\u00f6r\u00e4ilyn per\u00e4\u00e4n, mutta kiinnostus oli jo her\u00e4nnyt.<\/p>\n<p>Ensitreffit pari sopi muutaman viikon p\u00e4\u00e4h\u00e4n ensimm\u00e4isest\u00e4 viestist\u00e4, joulukuun alkupuolelle. Tuona aikana tekstiviestit ja s\u00e4hk\u00f6postit viuhuivat aktiivisesti ihastuneen parin v\u00e4lill\u00e4.<\/p>\n<h2>Nopeaa toimintaa: yhteinen koira ja kihlat kuukaudessa!<\/h2>\n<p>Kun pari kohtasi, joku sanoi klik, ja niin pari yll\u00e4ttikin itsens\u00e4 suunnittelemasta jo yhteist\u00e4 joulua joka h\u00e4\u00e4m\u00f6tti kolmen viikon p\u00e4\u00e4st\u00e4.<\/p>\n<p>Kauan ei nokka parilla tuhissut yhteisen el\u00e4m\u00e4n yksiin sovittamisessa kun oma rakas oli l\u00f6ytynyt vierelle. Jo joulukuussa 2013 he hankkivat yhteisen koiran, kihlat vaihdettiin tammikuussa 2014 ja h\u00e4it\u00e4 tanssittiin ensimm\u00e4isen tapaamisen vuosip\u00e4iv\u00e4n\u00e4 5.12.2014.<\/p>\n<p>Py\u00f6r\u00e4ily on kuitenkin muodostunut parin yhteiseksi harrastukseksi. Lenkkej\u00e4 vauhdittaa tietenkin yhteinen karvaturri.<\/p>\n<p>Rakastuneiden Tiinan ja JP:n tulevaisuuden suunnitelmat kuulostavat aika ideaalisilta.<\/p>\n<p>\u2013 Ollaan naimisissa, tyytyv\u00e4isi\u00e4 el\u00e4m\u00e4\u00e4n ja toisiimme, JP lopettaa.<\/p>\n<p><strong>Lue lis\u00e4\u00e4 tositarinoita E-kontakti.fiss\u00e4 tavanneista ihmisist\u00e4:<\/strong><a href=\"https:\/\/www.e-kontakti.fi\/blogi\/category\/tositarinoita\/\"> E-kontakti kokemuksia.<\/a><\/p>\n<p><strong>Oletko sin\u00e4 tavannut el\u00e4m\u00e4si rakkauden sivustomme kautta?<\/strong> <a href=\"https:\/\/www.e-kontakti.fi\/tositarina\/uusi\/\">Kerro tarinasi meille, maksamme julkaistuista jutuista palkkion.<\/a><\/p>\n<p><a href=\"https:\/\/www.e-kontakti.fi\/nettideitti\">Nettideitti muutti Tiinan ja JP:n el\u00e4m\u00e4n, anna netin yhdist\u00e4\u00e4 my\u00f6s sinut uuteen rakkaaseen! Kirjaudu sis\u00e4\u00e4n ja aloita rakkaustarinasi jo t\u00e4n\u00e4\u00e4n!<\/a><\/p>\n","protected":false},"excerpt":{"rendered":"<p>Porvoolaisen Tiinan, 48, ja sipoolaisen Jukka-Pekan, 55, tositarina tapaamisestaan E-kontakti.fiss\u00e4 alkoi marraskuussa 2013, kun vaalea Tiina her\u00e4tti miehen huomion nettideittisivustolla, tosin v\u00e4\u00e4r\u00e4ll\u00e4 asialla..Rakkaus l\u00f6ytyi netist\u00e4: Kiinnostus alkoi v\u00e4\u00e4r\u00e4st\u00e4 tiedosta8. huhtikuuta 2015<\/p>\n","protected":false},"author":4,"featured_media":0,"comment_status":"open","ping_status":"closed","sticky":false,"template":"","format":"standard","meta":{"footnotes":""},"categories":[34],"tags":[83,96,98,20,91,119,105],"class_list":["post-1192","post","type-post","status-publish","format-standard","hentry","category-e-kontakti-fi-kokemuksia","tag-deittipalvelu","tag-deittisivu","tag-e-kontakti-tositarina","tag-nettideittailu-2","tag-nettitreffit","tag-rakkaus","tag-rakkaustarina"],"yoast_head":"<!-- This site is optimized with the Yoast SEO plugin v27.4 - https:\/\/yoast.com\/product\/yoast-seo-wordpress\/ -->\n<title>Rakkaus l\u00f6ytyi netist\u00e4: Kiinnostus alkoi v\u00e4\u00e4r\u00e4st\u00e4 tiedosta!<\/title>\n<meta name=\"description\" content=\"Rakkaus voi yll\u00e4tt\u00e4\u00e4, ja l\u00f6yty\u00e4 vaikkapa netist\u00e4. Niin k\u00e4vi Tiinalle ja Jukka-Pekalle, joiden rakkaustarina alkoi kuitenkin pienest\u00e4 v\u00e4\u00e4rinymm\u00e4rryksest\u00e4.\" \/>\n<meta name=\"robots\" content=\"index, follow, max-snippet:-1, max-image-preview:large, max-video-preview:-1\" \/>\n<link rel=\"canonical\" href=\"https:\/\/www.e-kontakti.fi\/blogi\/rakkaus-loytyi-netista-kiinnostus-alkoi-vaarasta-tiedosta\/\" \/>\n<meta property=\"og:locale\" content=\"fi_FI\" \/>\n<meta property=\"og:type\" content=\"article\" \/>\n<meta property=\"og:title\" content=\"Rakkaus l\u00f6ytyi netist\u00e4: Kiinnostus alkoi v\u00e4\u00e4r\u00e4st\u00e4 tiedosta!\" \/>\n<meta property=\"og:description\" content=\"Rakkaus voi yll\u00e4tt\u00e4\u00e4, ja l\u00f6yty\u00e4 vaikkapa netist\u00e4. Niin k\u00e4vi Tiinalle ja Jukka-Pekalle, joiden rakkaustarina alkoi kuitenkin pienest\u00e4 v\u00e4\u00e4rinymm\u00e4rryksest\u00e4.\" \/>\n<meta property=\"og:url\" content=\"https:\/\/www.e-kontakti.fi\/blogi\/rakkaus-loytyi-netista-kiinnostus-alkoi-vaarasta-tiedosta\/\" \/>\n<meta property=\"og:site_name\" content=\"E-kontakti.fi Blogi\" \/>\n<meta property=\"article:published_time\" content=\"2015-04-08T08:58:01+00:00\" \/>\n<meta property=\"article:modified_time\" content=\"2015-05-20T10:40:52+00:00\" \/>\n<meta property=\"og:image\" content=\"https:\/\/www.e-kontakti.fi\/blogi\/wp-content\/uploads\/2015\/04\/x1258x800_EK_blogikuvapohja_kuva1.jpg\" \/>\n<meta name=\"author\" content=\"E-kontakti\" \/>\n<meta name=\"twitter:label1\" content=\"Kirjoittanut\" \/>\n\t<meta name=\"twitter:data1\" content=\"E-kontakti\" \/>\n\t<meta name=\"twitter:label2\" content=\"Arvioitu lukuaika\" \/>\n\t<meta name=\"twitter:data2\" content=\"1 minuutti\" \/>\n<script type=\"application\/ld+json\" class=\"yoast-schema-graph\">{\"@context\":\"https:\\\/\\\/schema.org\",\"@graph\":[{\"@type\":\"Article\",\"@id\":\"https:\\\/\\\/www.e-kontakti.fi\\\/blogi\\\/rakkaus-loytyi-netista-kiinnostus-alkoi-vaarasta-tiedosta\\\/#article\",\"isPartOf\":{\"@id\":\"https:\\\/\\\/www.e-kontakti.fi\\\/blogi\\\/rakkaus-loytyi-netista-kiinnostus-alkoi-vaarasta-tiedosta\\\/\"},\"author\":{\"name\":\"E-kontakti\",\"@id\":\"https:\\\/\\\/www.e-kontakti.fi\\\/blogi\\\/#\\\/schema\\\/person\\\/c7a53a1752738430a59d7675d6f3bded\"},\"headline\":\"Rakkaus l\u00f6ytyi netist\u00e4: Kiinnostus alkoi v\u00e4\u00e4r\u00e4st\u00e4 tiedosta\",\"datePublished\":\"2015-04-08T08:58:01+00:00\",\"dateModified\":\"2015-05-20T10:40:52+00:00\",\"mainEntityOfPage\":{\"@id\":\"https:\\\/\\\/www.e-kontakti.fi\\\/blogi\\\/rakkaus-loytyi-netista-kiinnostus-alkoi-vaarasta-tiedosta\\\/\"},\"wordCount\":271,\"commentCount\":6,\"image\":{\"@id\":\"https:\\\/\\\/www.e-kontakti.fi\\\/blogi\\\/rakkaus-loytyi-netista-kiinnostus-alkoi-vaarasta-tiedosta\\\/#primaryimage\"},\"thumbnailUrl\":\"https:\\\/\\\/www.e-kontakti.fi\\\/blogi\\\/wp-content\\\/uploads\\\/2015\\\/04\\\/x1258x800_EK_blogikuvapohja_kuva1.jpg\",\"keywords\":[\"Deittipalvelu\",\"Deittisivu\",\"E-kontakti tositarina\",\"Nettideitti\",\"Nettitreffit\",\"rakkaus\",\"rakkaustarina\"],\"articleSection\":[\"E-kontakti.fi kokemuksia\"],\"inLanguage\":\"fi\",\"potentialAction\":[{\"@type\":\"CommentAction\",\"name\":\"Comment\",\"target\":[\"https:\\\/\\\/www.e-kontakti.fi\\\/blogi\\\/rakkaus-loytyi-netista-kiinnostus-alkoi-vaarasta-tiedosta\\\/#respond\"]}]},{\"@type\":\"WebPage\",\"@id\":\"https:\\\/\\\/www.e-kontakti.fi\\\/blogi\\\/rakkaus-loytyi-netista-kiinnostus-alkoi-vaarasta-tiedosta\\\/\",\"url\":\"https:\\\/\\\/www.e-kontakti.fi\\\/blogi\\\/rakkaus-loytyi-netista-kiinnostus-alkoi-vaarasta-tiedosta\\\/\",\"name\":\"Rakkaus l\u00f6ytyi netist\u00e4: Kiinnostus alkoi v\u00e4\u00e4r\u00e4st\u00e4 tiedosta!\",\"isPartOf\":{\"@id\":\"https:\\\/\\\/www.e-kontakti.fi\\\/blogi\\\/#website\"},\"primaryImageOfPage\":{\"@id\":\"https:\\\/\\\/www.e-kontakti.fi\\\/blogi\\\/rakkaus-loytyi-netista-kiinnostus-alkoi-vaarasta-tiedosta\\\/#primaryimage\"},\"image\":{\"@id\":\"https:\\\/\\\/www.e-kontakti.fi\\\/blogi\\\/rakkaus-loytyi-netista-kiinnostus-alkoi-vaarasta-tiedosta\\\/#primaryimage\"},\"thumbnailUrl\":\"https:\\\/\\\/www.e-kontakti.fi\\\/blogi\\\/wp-content\\\/uploads\\\/2015\\\/04\\\/x1258x800_EK_blogikuvapohja_kuva1.jpg\",\"datePublished\":\"2015-04-08T08:58:01+00:00\",\"dateModified\":\"2015-05-20T10:40:52+00:00\",\"author\":{\"@id\":\"https:\\\/\\\/www.e-kontakti.fi\\\/blogi\\\/#\\\/schema\\\/person\\\/c7a53a1752738430a59d7675d6f3bded\"},\"description\":\"Rakkaus voi yll\u00e4tt\u00e4\u00e4, ja l\u00f6yty\u00e4 vaikkapa netist\u00e4. Niin k\u00e4vi Tiinalle ja Jukka-Pekalle, joiden rakkaustarina alkoi kuitenkin pienest\u00e4 v\u00e4\u00e4rinymm\u00e4rryksest\u00e4.\",\"breadcrumb\":{\"@id\":\"https:\\\/\\\/www.e-kontakti.fi\\\/blogi\\\/rakkaus-loytyi-netista-kiinnostus-alkoi-vaarasta-tiedosta\\\/#breadcrumb\"},\"inLanguage\":\"fi\",\"potentialAction\":[{\"@type\":\"ReadAction\",\"target\":[\"https:\\\/\\\/www.e-kontakti.fi\\\/blogi\\\/rakkaus-loytyi-netista-kiinnostus-alkoi-vaarasta-tiedosta\\\/\"]}]},{\"@type\":\"ImageObject\",\"inLanguage\":\"fi\",\"@id\":\"https:\\\/\\\/www.e-kontakti.fi\\\/blogi\\\/rakkaus-loytyi-netista-kiinnostus-alkoi-vaarasta-tiedosta\\\/#primaryimage\",\"url\":\"https:\\\/\\\/www.e-kontakti.fi\\\/blogi\\\/wp-content\\\/uploads\\\/2015\\\/04\\\/x1258x800_EK_blogikuvapohja_kuva1.jpg\",\"contentUrl\":\"https:\\\/\\\/www.e-kontakti.fi\\\/blogi\\\/wp-content\\\/uploads\\\/2015\\\/04\\\/x1258x800_EK_blogikuvapohja_kuva1.jpg\",\"width\":1258,\"height\":800,\"caption\":\"Tiinan ja Jukka-Pekan rakkaus alkoi vauhdikkaasti ja h\u00e4it\u00e4 vietettiinkin jo vuoden kuluttua ensitapaamisesta!\"},{\"@type\":\"BreadcrumbList\",\"@id\":\"https:\\\/\\\/www.e-kontakti.fi\\\/blogi\\\/rakkaus-loytyi-netista-kiinnostus-alkoi-vaarasta-tiedosta\\\/#breadcrumb\",\"itemListElement\":[{\"@type\":\"ListItem\",\"position\":1,\"name\":\"Blogi\",\"item\":\"https:\\\/\\\/www.e-kontakti.fi\\\/blogi\\\/\"},{\"@type\":\"ListItem\",\"position\":2,\"name\":\"Rakkaus l\u00f6ytyi netist\u00e4: Kiinnostus alkoi v\u00e4\u00e4r\u00e4st\u00e4 tiedosta\"}]},{\"@type\":\"WebSite\",\"@id\":\"https:\\\/\\\/www.e-kontakti.fi\\\/blogi\\\/#website\",\"url\":\"https:\\\/\\\/www.e-kontakti.fi\\\/blogi\\\/\",\"name\":\"E-kontakti.fi Blogi\",\"description\":\"E-kontakti.fi Blogi\",\"potentialAction\":[{\"@type\":\"SearchAction\",\"target\":{\"@type\":\"EntryPoint\",\"urlTemplate\":\"https:\\\/\\\/www.e-kontakti.fi\\\/blogi\\\/?s={search_term_string}\"},\"query-input\":{\"@type\":\"PropertyValueSpecification\",\"valueRequired\":true,\"valueName\":\"search_term_string\"}}],\"inLanguage\":\"fi\"},{\"@type\":\"Person\",\"@id\":\"https:\\\/\\\/www.e-kontakti.fi\\\/blogi\\\/#\\\/schema\\\/person\\\/c7a53a1752738430a59d7675d6f3bded\",\"name\":\"E-kontakti\",\"image\":{\"@type\":\"ImageObject\",\"inLanguage\":\"fi\",\"@id\":\"https:\\\/\\\/secure.gravatar.com\\\/avatar\\\/20f5ce6c46d33f9f67728ae74ddfd89e118f93d5170a717b2db160156abd6300?s=96&d=mm&r=g\",\"url\":\"https:\\\/\\\/secure.gravatar.com\\\/avatar\\\/20f5ce6c46d33f9f67728ae74ddfd89e118f93d5170a717b2db160156abd6300?s=96&d=mm&r=g\",\"contentUrl\":\"https:\\\/\\\/secure.gravatar.com\\\/avatar\\\/20f5ce6c46d33f9f67728ae74ddfd89e118f93d5170a717b2db160156abd6300?s=96&d=mm&r=g\",\"caption\":\"E-kontakti\"},\"url\":\"https:\\\/\\\/www.e-kontakti.fi\\\/blogi\\\/author\\\/ektekniikka\\\/\"}]}<\/script>\n<!-- \/ Yoast SEO plugin. -->","yoast_head_json":{"title":"Rakkaus l\u00f6ytyi netist\u00e4: Kiinnostus alkoi v\u00e4\u00e4r\u00e4st\u00e4 tiedosta!","description":"Rakkaus voi yll\u00e4tt\u00e4\u00e4, ja l\u00f6yty\u00e4 vaikkapa netist\u00e4. Niin k\u00e4vi Tiinalle ja Jukka-Pekalle, joiden rakkaustarina alkoi kuitenkin pienest\u00e4 v\u00e4\u00e4rinymm\u00e4rryksest\u00e4.","robots":{"index":"index","follow":"follow","max-snippet":"max-snippet:-1","max-image-preview":"max-image-preview:large","max-video-preview":"max-video-preview:-1"},"canonical":"https:\/\/www.e-kontakti.fi\/blogi\/rakkaus-loytyi-netista-kiinnostus-alkoi-vaarasta-tiedosta\/","og_locale":"fi_FI","og_type":"article","og_title":"Rakkaus l\u00f6ytyi netist\u00e4: Kiinnostus alkoi v\u00e4\u00e4r\u00e4st\u00e4 tiedosta!","og_description":"Rakkaus voi yll\u00e4tt\u00e4\u00e4, ja l\u00f6yty\u00e4 vaikkapa netist\u00e4. Niin k\u00e4vi Tiinalle ja Jukka-Pekalle, joiden rakkaustarina alkoi kuitenkin pienest\u00e4 v\u00e4\u00e4rinymm\u00e4rryksest\u00e4.","og_url":"https:\/\/www.e-kontakti.fi\/blogi\/rakkaus-loytyi-netista-kiinnostus-alkoi-vaarasta-tiedosta\/","og_site_name":"E-kontakti.fi Blogi","article_published_time":"2015-04-08T08:58:01+00:00","article_modified_time":"2015-05-20T10:40:52+00:00","og_image":[{"url":"https:\/\/www.e-kontakti.fi\/blogi\/wp-content\/uploads\/2015\/04\/x1258x800_EK_blogikuvapohja_kuva1.jpg","type":"","width":"","height":""}],"author":"E-kontakti","twitter_misc":{"Kirjoittanut":"E-kontakti","Arvioitu lukuaika":"1 minuutti"},"schema":{"@context":"https:\/\/schema.org","@graph":[{"@type":"Article","@id":"https:\/\/www.e-kontakti.fi\/blogi\/rakkaus-loytyi-netista-kiinnostus-alkoi-vaarasta-tiedosta\/#article","isPartOf":{"@id":"https:\/\/www.e-kontakti.fi\/blogi\/rakkaus-loytyi-netista-kiinnostus-alkoi-vaarasta-tiedosta\/"},"author":{"name":"E-kontakti","@id":"https:\/\/www.e-kontakti.fi\/blogi\/#\/schema\/person\/c7a53a1752738430a59d7675d6f3bded"},"headline":"Rakkaus l\u00f6ytyi netist\u00e4: Kiinnostus alkoi v\u00e4\u00e4r\u00e4st\u00e4 tiedosta","datePublished":"2015-04-08T08:58:01+00:00","dateModified":"2015-05-20T10:40:52+00:00","mainEntityOfPage":{"@id":"https:\/\/www.e-kontakti.fi\/blogi\/rakkaus-loytyi-netista-kiinnostus-alkoi-vaarasta-tiedosta\/"},"wordCount":271,"commentCount":6,"image":{"@id":"https:\/\/www.e-kontakti.fi\/blogi\/rakkaus-loytyi-netista-kiinnostus-alkoi-vaarasta-tiedosta\/#primaryimage"},"thumbnailUrl":"https:\/\/www.e-kontakti.fi\/blogi\/wp-content\/uploads\/2015\/04\/x1258x800_EK_blogikuvapohja_kuva1.jpg","keywords":["Deittipalvelu","Deittisivu","E-kontakti tositarina","Nettideitti","Nettitreffit","rakkaus","rakkaustarina"],"articleSection":["E-kontakti.fi kokemuksia"],"inLanguage":"fi","potentialAction":[{"@type":"CommentAction","name":"Comment","target":["https:\/\/www.e-kontakti.fi\/blogi\/rakkaus-loytyi-netista-kiinnostus-alkoi-vaarasta-tiedosta\/#respond"]}]},{"@type":"WebPage","@id":"https:\/\/www.e-kontakti.fi\/blogi\/rakkaus-loytyi-netista-kiinnostus-alkoi-vaarasta-tiedosta\/","url":"https:\/\/www.e-kontakti.fi\/blogi\/rakkaus-loytyi-netista-kiinnostus-alkoi-vaarasta-tiedosta\/","name":"Rakkaus l\u00f6ytyi netist\u00e4: Kiinnostus alkoi v\u00e4\u00e4r\u00e4st\u00e4 tiedosta!","isPartOf":{"@id":"https:\/\/www.e-kontakti.fi\/blogi\/#website"},"primaryImageOfPage":{"@id":"https:\/\/www.e-kontakti.fi\/blogi\/rakkaus-loytyi-netista-kiinnostus-alkoi-vaarasta-tiedosta\/#primaryimage"},"image":{"@id":"https:\/\/www.e-kontakti.fi\/blogi\/rakkaus-loytyi-netista-kiinnostus-alkoi-vaarasta-tiedosta\/#primaryimage"},"thumbnailUrl":"https:\/\/www.e-kontakti.fi\/blogi\/wp-content\/uploads\/2015\/04\/x1258x800_EK_blogikuvapohja_kuva1.jpg","datePublished":"2015-04-08T08:58:01+00:00","dateModified":"2015-05-20T10:40:52+00:00","author":{"@id":"https:\/\/www.e-kontakti.fi\/blogi\/#\/schema\/person\/c7a53a1752738430a59d7675d6f3bded"},"description":"Rakkaus voi yll\u00e4tt\u00e4\u00e4, ja l\u00f6yty\u00e4 vaikkapa netist\u00e4. Niin k\u00e4vi Tiinalle ja Jukka-Pekalle, joiden rakkaustarina alkoi kuitenkin pienest\u00e4 v\u00e4\u00e4rinymm\u00e4rryksest\u00e4.","breadcrumb":{"@id":"https:\/\/www.e-kontakti.fi\/blogi\/rakkaus-loytyi-netista-kiinnostus-alkoi-vaarasta-tiedosta\/#breadcrumb"},"inLanguage":"fi","potentialAction":[{"@type":"ReadAction","target":["https:\/\/www.e-kontakti.fi\/blogi\/rakkaus-loytyi-netista-kiinnostus-alkoi-vaarasta-tiedosta\/"]}]},{"@type":"ImageObject","inLanguage":"fi","@id":"https:\/\/www.e-kontakti.fi\/blogi\/rakkaus-loytyi-netista-kiinnostus-alkoi-vaarasta-tiedosta\/#primaryimage","url":"https:\/\/www.e-kontakti.fi\/blogi\/wp-content\/uploads\/2015\/04\/x1258x800_EK_blogikuvapohja_kuva1.jpg","contentUrl":"https:\/\/www.e-kontakti.fi\/blogi\/wp-content\/uploads\/2015\/04\/x1258x800_EK_blogikuvapohja_kuva1.jpg","width":1258,"height":800,"caption":"Tiinan ja Jukka-Pekan rakkaus alkoi vauhdikkaasti ja h\u00e4it\u00e4 vietettiinkin jo vuoden kuluttua ensitapaamisesta!"},{"@type":"BreadcrumbList","@id":"https:\/\/www.e-kontakti.fi\/blogi\/rakkaus-loytyi-netista-kiinnostus-alkoi-vaarasta-tiedosta\/#breadcrumb","itemListElement":[{"@type":"ListItem","position":1,"name":"Blogi","item":"https:\/\/www.e-kontakti.fi\/blogi\/"},{"@type":"ListItem","position":2,"name":"Rakkaus l\u00f6ytyi netist\u00e4: Kiinnostus alkoi v\u00e4\u00e4r\u00e4st\u00e4 tiedosta"}]},{"@type":"WebSite","@id":"https:\/\/www.e-kontakti.fi\/blogi\/#website","url":"https:\/\/www.e-kontakti.fi\/blogi\/","name":"E-kontakti.fi Blogi","description":"E-kontakti.fi Blogi","potentialAction":[{"@type":"SearchAction","target":{"@type":"EntryPoint","urlTemplate":"https:\/\/www.e-kontakti.fi\/blogi\/?s={search_term_string}"},"query-input":{"@type":"PropertyValueSpecification","valueRequired":true,"valueName":"search_term_string"}}],"inLanguage":"fi"},{"@type":"Person","@id":"https:\/\/www.e-kontakti.fi\/blogi\/#\/schema\/person\/c7a53a1752738430a59d7675d6f3bded","name":"E-kontakti","image":{"@type":"ImageObject","inLanguage":"fi","@id":"https:\/\/secure.gravatar.com\/avatar\/20f5ce6c46d33f9f67728ae74ddfd89e118f93d5170a717b2db160156abd6300?s=96&d=mm&r=g","url":"https:\/\/secure.gravatar.com\/avatar\/20f5ce6c46d33f9f67728ae74ddfd89e118f93d5170a717b2db160156abd6300?s=96&d=mm&r=g","contentUrl":"https:\/\/secure.gravatar.com\/avatar\/20f5ce6c46d33f9f67728ae74ddfd89e118f93d5170a717b2db160156abd6300?s=96&d=mm&r=g","caption":"E-kontakti"},"url":"https:\/\/www.e-kontakti.fi\/blogi\/author\/ektekniikka\/"}]}},"_links":{"self":[{"href":"https:\/\/www.e-kontakti.fi\/blogi\/wp-json\/wp\/v2\/posts\/1192","targetHints":{"allow":["GET"]}}],"collection":[{"href":"https:\/\/www.e-kontakti.fi\/blogi\/wp-json\/wp\/v2\/posts"}],"about":[{"href":"https:\/\/www.e-kontakti.fi\/blogi\/wp-json\/wp\/v2\/types\/post"}],"author":[{"embeddable":true,"href":"https:\/\/www.e-kontakti.fi\/blogi\/wp-json\/wp\/v2\/users\/4"}],"replies":[{"embeddable":true,"href":"https:\/\/www.e-kontakti.fi\/blogi\/wp-json\/wp\/v2\/comments?post=1192"}],"version-history":[{"count":0,"href":"https:\/\/www.e-kontakti.fi\/blogi\/wp-json\/wp\/v2\/posts\/1192\/revisions"}],"wp:attachment":[{"href":"https:\/\/www.e-kontakti.fi\/blogi\/wp-json\/wp\/v2\/media?parent=1192"}],"wp:term":[{"taxonomy":"category","embeddable":true,"href":"https:\/\/www.e-kontakti.fi\/blogi\/wp-json\/wp\/v2\/categories?post=1192"},{"taxonomy":"post_tag","embeddable":true,"href":"https:\/\/www.e-kontakti.fi\/blogi\/wp-json\/wp\/v2\/tags?post=1192"}],"curies":[{"name":"wp","href":"https:\/\/api.w.org\/{rel}","templated":true}]}}