{"id":309,"date":"2014-03-12T13:45:47","date_gmt":"2014-03-12T11:45:47","guid":{"rendered":"https:\/\/www.e-kontakti.fi\/blogi\/?p=309"},"modified":"2015-01-14T09:42:00","modified_gmt":"2015-01-14T07:42:00","slug":"uusi-postilaatikko-kaikille-e-kontakti-fin-kayttajille","status":"publish","type":"post","link":"https:\/\/www.e-kontakti.fi\/blogi\/uusi-postilaatikko-kaikille-e-kontakti-fin-kayttajille\/","title":{"rendered":"Uusi postilaatikko kaikille E-kontakti.fin k\u00e4ytt\u00e4jille"},"content":{"rendered":"<div id=\"attachment_395\" style=\"width: 1290px\" class=\"wp-caption alignnone\"><a href=\"https:\/\/www.e-kontakti.fi\/blogi\/uusi-postilaatikko-kaikille-e-kontakti-fin-kayttajille\/\"><img loading=\"lazy\" decoding=\"async\" aria-describedby=\"caption-attachment-395\" class=\"size-full wp-image-395\" src=\"https:\/\/www.e-kontakti.fi\/blogi\/wp-content\/uploads\/2014\/01\/www1.png\" alt=\"-kontakti.fin navikot ja viestit-kansio muuttuivat maaliskuussa 2014.\" width=\"1280\" height=\"800\" \/><\/a><p id=\"caption-attachment-395\" class=\"wp-caption-text\"><\/a> E-kontakti.fin navikot ja viestit-kansio muuttuivat maaliskuussa 2014.<\/p><h1 class=\"entry-title front-page\"><a href=\"https:\/\/www.e-kontakti.fi\/blogi\/uusi-postilaatikko-kaikille-e-kontakti-fin-kayttajille\/\" title=\"Uusi postilaatikko kaikille E-kontakti.fin k\u00e4ytt\u00e4jille\" rel=\"bookmark\">Uusi postilaatikko kaikille E-kontakti.fin k\u00e4ytt\u00e4jille<\/a><\/h1><div class=\"entry-timestamp front-page\"><span class=\"entry-timestamp-day\">12. <\/span><span class=\"entry-timestamp-month\">maaliskuuta <\/span><span class=\"entry-timestamp-year\">2014<\/span><\/div><\/div>\n<p><strong>E-kontakti.fiss\u00e4 oli pitk\u00e4\u00e4n samaan aikaan k\u00e4yt\u00f6ss\u00e4 sek\u00e4 vanha ett\u00e4 uusi postilaatikkomalli. T\u00e4m\u00e4 aiheutti sekaannusta useille k\u00e4ytt\u00e4jille. Nyt valinta on poistettu, ja k\u00e4yt\u00f6ss\u00e4 on vain uusi postilaatikkomalli Viestit.<\/strong><!--more--><b><\/b><\/p>\n<p>Uudella ja vanhalla postilaatikolla erona on se, ett\u00e4 uudessa postilaatikossa samalta henkil\u00f6lt\u00e4 tulevat viestit niputetaan yhteen ketjuun, vanhassa postilaatikossa jokainen viesti n\u00e4kyi yksitt\u00e4isen\u00e4 viestin\u00e4. Uudessa postilaatikossa ei ole en\u00e4\u00e4 k\u00e4yt\u00f6ss\u00e4 viestien otsikoita eik\u00e4 erikseen my\u00f6sk\u00e4\u00e4n l\u00e4hetetyt viestit -osiota.<\/p>\n<h2>Viestiketjuja, ei yksitt\u00e4isi\u00e4 viestej\u00e4<\/h2>\n<p>Uusien viestien lukum\u00e4\u00e4r\u00e4n pystyy tarkistamaan E-kontakti.fi-sivuston vasemmasta kuilusta, Viestit-sanan per\u00e4ss\u00e4 on suluissa uusien viestien lukum\u00e4\u00e4r\u00e4. Jos t\u00e4ss\u00e4 ei n\u00e4y numeroa, olet lukenut kaikki saapuneet viestit.<\/p>\n<p>L\u00e4hetetyt ja saapuneet viestit ovat ik\u00e4\u00e4n kuin pitki\u00e4 viestiketjuja, jokainen keskustelu yhden j\u00e4senen kanssa tallentuu siihen yhteen ja samaan ketjuun. Kun l\u00e4het\u00e4t ensimm\u00e4isen kerran toiselle j\u00e4senelle viestin, eik\u00e4 h\u00e4n ole viel\u00e4 vastannut, lukee viestin per\u00e4ss\u00e4 &#8221;L\u00e4hetetty&#8221;.<\/p>\n<h2>Pluspaketilla lis\u00e4ominaisuuksia<\/h2>\n<p>Jos sinulla on lukukuittaus p\u00e4\u00e4ll\u00e4, tulee merkint\u00e4 siit\u00e4, ett\u00e4 vastanottaja on lukenut postisi, Viestit-laatikon oikeaan reunaan viestiketjun kohdalla. Lukukuittaus-kohdassa voi lukea my\u00f6s &#8221;Lukematon&#8221;, joka tarkoittaa ett\u00e4 vastaanottaja ei ole viel\u00e4 viesti\u00e4 lukenut. Lukukuittaus on osa Pluspakettia ja on automaattisesti k\u00e4yt\u00f6ss\u00e4 sen tilanneilla.<\/p>\n<p>Pluspaketin ostaneena voit suodattaa saapuneita viestej\u00e4 my\u00f6s sen mukaan, mink\u00e4 ik\u00e4ist\u00e4 ihmist\u00e4 olet etsim\u00e4ss\u00e4. Suodattimen saat p\u00e4\u00e4lle Viestit-kansion yl\u00e4laidassa olevasta keltapohjaisesta valintaruudusta.<\/p>\n<p>Uudessa postilaatikkomallissa ei ole en\u00e4\u00e4 k\u00e4yt\u00f6ss\u00e4 mahdollisuutta l\u00e4hett\u00e4\u00e4 viestej\u00e4 yksityiseen s\u00e4hk\u00f6postiin. Jos haluat viestej\u00e4 itsellesi talteen, maalaa Saapuneet-kansiossa viestej\u00e4, paina Ctrl + C ja vie ne haluamaasi paikkaan, omaan s\u00e4hk\u00f6postiisi, muistioon tai tekstink\u00e4sittelydokumenttiin. Painamalla Ctrl + V saat kopioitua viestit haluamaasi paikkaan. <a href=\"https:\/\/itunes.apple.com\/fi\/app\/e-kontakti.fi-suomen-suurin\/id510665163?mt=8\" target=\"_blank\">E-kontakti.fin iPhone-sovelluksessa<\/a>, jota voit k\u00e4ytt\u00e4\u00e4 samalla tilauksella kuin sivujamme muutoinkin, t\u00e4m\u00e4 toiminnallisuus viel\u00e4 l\u00f6ytyy.<\/p>\n<p>Jos k\u00e4yt\u00f6ss\u00e4 on jotain ep\u00e4selvyyksi\u00e4, voit l\u00e4hett\u00e4\u00e4 meille viesti\u00e4 asiakaspalveluun tai vaikkapa kommentoida t\u00e4t\u00e4 kirjoitusta.<\/p>\n<p>Viestit viuhumaan!<\/p>\n<p>Terveisin Heli E-kontakti.fist\u00e4<\/p>\n<p>&nbsp;<\/p>\n","protected":false},"excerpt":{"rendered":"<p>E-kontakti.fiss\u00e4 oli pitk\u00e4\u00e4n samaan aikaan k\u00e4yt\u00f6ss\u00e4 sek\u00e4 vanha ett\u00e4 uusi postilaatikkomalli. T\u00e4m\u00e4 aiheutti sekaannusta useille k\u00e4ytt\u00e4jille. Nyt valinta on poistettu, ja k\u00e4yt\u00f6ss\u00e4 on vain uusi postilaatikkomalli Viestit.Uusi postilaatikko kaikille E-kontakti.fin k\u00e4ytt\u00e4jille12. maaliskuuta 2014<\/p>\n","protected":false},"author":4,"featured_media":0,"comment_status":"open","ping_status":"open","sticky":false,"template":"","format":"standard","meta":{"footnotes":""},"categories":[12],"tags":[],"class_list":["post-309","post","type-post","status-publish","format-standard","hentry","category-vinkit-nettideittiin"],"yoast_head":"<!-- This site is optimized with the Yoast SEO plugin v27.4 - https:\/\/yoast.com\/product\/yoast-seo-wordpress\/ -->\n<title>Uusi postilaatikko kaikille E-kontakti.fin k\u00e4ytt\u00e4jille<\/title>\n<meta name=\"description\" content=\"E-kontakti.fi kehitt\u00e4\u00e4 jatkuvasti palveluaan k\u00e4ytt\u00e4j\u00e4yst\u00e4v\u00e4llisemm\u00e4ksi.\" \/>\n<meta name=\"robots\" content=\"index, follow, max-snippet:-1, max-image-preview:large, max-video-preview:-1\" \/>\n<link rel=\"canonical\" href=\"https:\/\/www.e-kontakti.fi\/blogi\/uusi-postilaatikko-kaikille-e-kontakti-fin-kayttajille\/\" \/>\n<meta property=\"og:locale\" content=\"fi_FI\" \/>\n<meta property=\"og:type\" content=\"article\" \/>\n<meta property=\"og:title\" content=\"Uusi postilaatikko kaikille E-kontakti.fin k\u00e4ytt\u00e4jille\" \/>\n<meta property=\"og:description\" content=\"E-kontakti.fi kehitt\u00e4\u00e4 jatkuvasti palveluaan k\u00e4ytt\u00e4j\u00e4yst\u00e4v\u00e4llisemm\u00e4ksi.\" \/>\n<meta property=\"og:url\" content=\"https:\/\/www.e-kontakti.fi\/blogi\/uusi-postilaatikko-kaikille-e-kontakti-fin-kayttajille\/\" \/>\n<meta property=\"og:site_name\" content=\"E-kontakti.fi Blogi\" \/>\n<meta property=\"article:published_time\" content=\"2014-03-12T11:45:47+00:00\" \/>\n<meta property=\"article:modified_time\" content=\"2015-01-14T07:42:00+00:00\" \/>\n<meta property=\"og:image\" content=\"https:\/\/www.e-kontakti.fi\/blogi\/wp-content\/uploads\/2014\/01\/www1.png\" \/>\n<meta name=\"author\" content=\"E-kontakti\" \/>\n<meta name=\"twitter:label1\" content=\"Kirjoittanut\" \/>\n\t<meta name=\"twitter:data1\" content=\"E-kontakti\" \/>\n\t<meta name=\"twitter:label2\" content=\"Arvioitu lukuaika\" \/>\n\t<meta name=\"twitter:data2\" content=\"2 minuuttia\" \/>\n<script type=\"application\/ld+json\" class=\"yoast-schema-graph\">{\"@context\":\"https:\\\/\\\/schema.org\",\"@graph\":[{\"@type\":\"Article\",\"@id\":\"https:\\\/\\\/www.e-kontakti.fi\\\/blogi\\\/uusi-postilaatikko-kaikille-e-kontakti-fin-kayttajille\\\/#article\",\"isPartOf\":{\"@id\":\"https:\\\/\\\/www.e-kontakti.fi\\\/blogi\\\/uusi-postilaatikko-kaikille-e-kontakti-fin-kayttajille\\\/\"},\"author\":{\"name\":\"E-kontakti\",\"@id\":\"https:\\\/\\\/www.e-kontakti.fi\\\/blogi\\\/#\\\/schema\\\/person\\\/c7a53a1752738430a59d7675d6f3bded\"},\"headline\":\"Uusi postilaatikko kaikille E-kontakti.fin k\u00e4ytt\u00e4jille\",\"datePublished\":\"2014-03-12T11:45:47+00:00\",\"dateModified\":\"2015-01-14T07:42:00+00:00\",\"mainEntityOfPage\":{\"@id\":\"https:\\\/\\\/www.e-kontakti.fi\\\/blogi\\\/uusi-postilaatikko-kaikille-e-kontakti-fin-kayttajille\\\/\"},\"wordCount\":356,\"commentCount\":2,\"image\":{\"@id\":\"https:\\\/\\\/www.e-kontakti.fi\\\/blogi\\\/uusi-postilaatikko-kaikille-e-kontakti-fin-kayttajille\\\/#primaryimage\"},\"thumbnailUrl\":\"https:\\\/\\\/www.e-kontakti.fi\\\/blogi\\\/wp-content\\\/uploads\\\/2014\\\/01\\\/www1.png\",\"articleSection\":[\"Vinkit nettideittiin\"],\"inLanguage\":\"fi\",\"potentialAction\":[{\"@type\":\"CommentAction\",\"name\":\"Comment\",\"target\":[\"https:\\\/\\\/www.e-kontakti.fi\\\/blogi\\\/uusi-postilaatikko-kaikille-e-kontakti-fin-kayttajille\\\/#respond\"]}]},{\"@type\":\"WebPage\",\"@id\":\"https:\\\/\\\/www.e-kontakti.fi\\\/blogi\\\/uusi-postilaatikko-kaikille-e-kontakti-fin-kayttajille\\\/\",\"url\":\"https:\\\/\\\/www.e-kontakti.fi\\\/blogi\\\/uusi-postilaatikko-kaikille-e-kontakti-fin-kayttajille\\\/\",\"name\":\"Uusi postilaatikko kaikille E-kontakti.fin k\u00e4ytt\u00e4jille\",\"isPartOf\":{\"@id\":\"https:\\\/\\\/www.e-kontakti.fi\\\/blogi\\\/#website\"},\"primaryImageOfPage\":{\"@id\":\"https:\\\/\\\/www.e-kontakti.fi\\\/blogi\\\/uusi-postilaatikko-kaikille-e-kontakti-fin-kayttajille\\\/#primaryimage\"},\"image\":{\"@id\":\"https:\\\/\\\/www.e-kontakti.fi\\\/blogi\\\/uusi-postilaatikko-kaikille-e-kontakti-fin-kayttajille\\\/#primaryimage\"},\"thumbnailUrl\":\"https:\\\/\\\/www.e-kontakti.fi\\\/blogi\\\/wp-content\\\/uploads\\\/2014\\\/01\\\/www1.png\",\"datePublished\":\"2014-03-12T11:45:47+00:00\",\"dateModified\":\"2015-01-14T07:42:00+00:00\",\"author\":{\"@id\":\"https:\\\/\\\/www.e-kontakti.fi\\\/blogi\\\/#\\\/schema\\\/person\\\/c7a53a1752738430a59d7675d6f3bded\"},\"description\":\"E-kontakti.fi kehitt\u00e4\u00e4 jatkuvasti palveluaan k\u00e4ytt\u00e4j\u00e4yst\u00e4v\u00e4llisemm\u00e4ksi.\",\"breadcrumb\":{\"@id\":\"https:\\\/\\\/www.e-kontakti.fi\\\/blogi\\\/uusi-postilaatikko-kaikille-e-kontakti-fin-kayttajille\\\/#breadcrumb\"},\"inLanguage\":\"fi\",\"potentialAction\":[{\"@type\":\"ReadAction\",\"target\":[\"https:\\\/\\\/www.e-kontakti.fi\\\/blogi\\\/uusi-postilaatikko-kaikille-e-kontakti-fin-kayttajille\\\/\"]}]},{\"@type\":\"ImageObject\",\"inLanguage\":\"fi\",\"@id\":\"https:\\\/\\\/www.e-kontakti.fi\\\/blogi\\\/uusi-postilaatikko-kaikille-e-kontakti-fin-kayttajille\\\/#primaryimage\",\"url\":\"https:\\\/\\\/www.e-kontakti.fi\\\/blogi\\\/wp-content\\\/uploads\\\/2014\\\/01\\\/www1.png\",\"contentUrl\":\"https:\\\/\\\/www.e-kontakti.fi\\\/blogi\\\/wp-content\\\/uploads\\\/2014\\\/01\\\/www1.png\",\"width\":1280,\"height\":800,\"caption\":\"E-kontakti.fin navikot ja viestit-kansio muuttuivat maaliskuussa 2014.\"},{\"@type\":\"BreadcrumbList\",\"@id\":\"https:\\\/\\\/www.e-kontakti.fi\\\/blogi\\\/uusi-postilaatikko-kaikille-e-kontakti-fin-kayttajille\\\/#breadcrumb\",\"itemListElement\":[{\"@type\":\"ListItem\",\"position\":1,\"name\":\"Blogi\",\"item\":\"https:\\\/\\\/www.e-kontakti.fi\\\/blogi\\\/\"},{\"@type\":\"ListItem\",\"position\":2,\"name\":\"Uusi postilaatikko kaikille E-kontakti.fin k\u00e4ytt\u00e4jille\"}]},{\"@type\":\"WebSite\",\"@id\":\"https:\\\/\\\/www.e-kontakti.fi\\\/blogi\\\/#website\",\"url\":\"https:\\\/\\\/www.e-kontakti.fi\\\/blogi\\\/\",\"name\":\"E-kontakti.fi Blogi\",\"description\":\"E-kontakti.fi Blogi\",\"potentialAction\":[{\"@type\":\"SearchAction\",\"target\":{\"@type\":\"EntryPoint\",\"urlTemplate\":\"https:\\\/\\\/www.e-kontakti.fi\\\/blogi\\\/?s={search_term_string}\"},\"query-input\":{\"@type\":\"PropertyValueSpecification\",\"valueRequired\":true,\"valueName\":\"search_term_string\"}}],\"inLanguage\":\"fi\"},{\"@type\":\"Person\",\"@id\":\"https:\\\/\\\/www.e-kontakti.fi\\\/blogi\\\/#\\\/schema\\\/person\\\/c7a53a1752738430a59d7675d6f3bded\",\"name\":\"E-kontakti\",\"image\":{\"@type\":\"ImageObject\",\"inLanguage\":\"fi\",\"@id\":\"https:\\\/\\\/secure.gravatar.com\\\/avatar\\\/20f5ce6c46d33f9f67728ae74ddfd89e118f93d5170a717b2db160156abd6300?s=96&d=mm&r=g\",\"url\":\"https:\\\/\\\/secure.gravatar.com\\\/avatar\\\/20f5ce6c46d33f9f67728ae74ddfd89e118f93d5170a717b2db160156abd6300?s=96&d=mm&r=g\",\"contentUrl\":\"https:\\\/\\\/secure.gravatar.com\\\/avatar\\\/20f5ce6c46d33f9f67728ae74ddfd89e118f93d5170a717b2db160156abd6300?s=96&d=mm&r=g\",\"caption\":\"E-kontakti\"},\"url\":\"https:\\\/\\\/www.e-kontakti.fi\\\/blogi\\\/author\\\/ektekniikka\\\/\"}]}<\/script>\n<!-- \/ Yoast SEO plugin. -->","yoast_head_json":{"title":"Uusi postilaatikko kaikille E-kontakti.fin k\u00e4ytt\u00e4jille","description":"E-kontakti.fi kehitt\u00e4\u00e4 jatkuvasti palveluaan k\u00e4ytt\u00e4j\u00e4yst\u00e4v\u00e4llisemm\u00e4ksi.","robots":{"index":"index","follow":"follow","max-snippet":"max-snippet:-1","max-image-preview":"max-image-preview:large","max-video-preview":"max-video-preview:-1"},"canonical":"https:\/\/www.e-kontakti.fi\/blogi\/uusi-postilaatikko-kaikille-e-kontakti-fin-kayttajille\/","og_locale":"fi_FI","og_type":"article","og_title":"Uusi postilaatikko kaikille E-kontakti.fin k\u00e4ytt\u00e4jille","og_description":"E-kontakti.fi kehitt\u00e4\u00e4 jatkuvasti palveluaan k\u00e4ytt\u00e4j\u00e4yst\u00e4v\u00e4llisemm\u00e4ksi.","og_url":"https:\/\/www.e-kontakti.fi\/blogi\/uusi-postilaatikko-kaikille-e-kontakti-fin-kayttajille\/","og_site_name":"E-kontakti.fi Blogi","article_published_time":"2014-03-12T11:45:47+00:00","article_modified_time":"2015-01-14T07:42:00+00:00","og_image":[{"url":"https:\/\/www.e-kontakti.fi\/blogi\/wp-content\/uploads\/2014\/01\/www1.png","type":"","width":"","height":""}],"author":"E-kontakti","twitter_misc":{"Kirjoittanut":"E-kontakti","Arvioitu lukuaika":"2 minuuttia"},"schema":{"@context":"https:\/\/schema.org","@graph":[{"@type":"Article","@id":"https:\/\/www.e-kontakti.fi\/blogi\/uusi-postilaatikko-kaikille-e-kontakti-fin-kayttajille\/#article","isPartOf":{"@id":"https:\/\/www.e-kontakti.fi\/blogi\/uusi-postilaatikko-kaikille-e-kontakti-fin-kayttajille\/"},"author":{"name":"E-kontakti","@id":"https:\/\/www.e-kontakti.fi\/blogi\/#\/schema\/person\/c7a53a1752738430a59d7675d6f3bded"},"headline":"Uusi postilaatikko kaikille E-kontakti.fin k\u00e4ytt\u00e4jille","datePublished":"2014-03-12T11:45:47+00:00","dateModified":"2015-01-14T07:42:00+00:00","mainEntityOfPage":{"@id":"https:\/\/www.e-kontakti.fi\/blogi\/uusi-postilaatikko-kaikille-e-kontakti-fin-kayttajille\/"},"wordCount":356,"commentCount":2,"image":{"@id":"https:\/\/www.e-kontakti.fi\/blogi\/uusi-postilaatikko-kaikille-e-kontakti-fin-kayttajille\/#primaryimage"},"thumbnailUrl":"https:\/\/www.e-kontakti.fi\/blogi\/wp-content\/uploads\/2014\/01\/www1.png","articleSection":["Vinkit nettideittiin"],"inLanguage":"fi","potentialAction":[{"@type":"CommentAction","name":"Comment","target":["https:\/\/www.e-kontakti.fi\/blogi\/uusi-postilaatikko-kaikille-e-kontakti-fin-kayttajille\/#respond"]}]},{"@type":"WebPage","@id":"https:\/\/www.e-kontakti.fi\/blogi\/uusi-postilaatikko-kaikille-e-kontakti-fin-kayttajille\/","url":"https:\/\/www.e-kontakti.fi\/blogi\/uusi-postilaatikko-kaikille-e-kontakti-fin-kayttajille\/","name":"Uusi postilaatikko kaikille E-kontakti.fin k\u00e4ytt\u00e4jille","isPartOf":{"@id":"https:\/\/www.e-kontakti.fi\/blogi\/#website"},"primaryImageOfPage":{"@id":"https:\/\/www.e-kontakti.fi\/blogi\/uusi-postilaatikko-kaikille-e-kontakti-fin-kayttajille\/#primaryimage"},"image":{"@id":"https:\/\/www.e-kontakti.fi\/blogi\/uusi-postilaatikko-kaikille-e-kontakti-fin-kayttajille\/#primaryimage"},"thumbnailUrl":"https:\/\/www.e-kontakti.fi\/blogi\/wp-content\/uploads\/2014\/01\/www1.png","datePublished":"2014-03-12T11:45:47+00:00","dateModified":"2015-01-14T07:42:00+00:00","author":{"@id":"https:\/\/www.e-kontakti.fi\/blogi\/#\/schema\/person\/c7a53a1752738430a59d7675d6f3bded"},"description":"E-kontakti.fi kehitt\u00e4\u00e4 jatkuvasti palveluaan k\u00e4ytt\u00e4j\u00e4yst\u00e4v\u00e4llisemm\u00e4ksi.","breadcrumb":{"@id":"https:\/\/www.e-kontakti.fi\/blogi\/uusi-postilaatikko-kaikille-e-kontakti-fin-kayttajille\/#breadcrumb"},"inLanguage":"fi","potentialAction":[{"@type":"ReadAction","target":["https:\/\/www.e-kontakti.fi\/blogi\/uusi-postilaatikko-kaikille-e-kontakti-fin-kayttajille\/"]}]},{"@type":"ImageObject","inLanguage":"fi","@id":"https:\/\/www.e-kontakti.fi\/blogi\/uusi-postilaatikko-kaikille-e-kontakti-fin-kayttajille\/#primaryimage","url":"https:\/\/www.e-kontakti.fi\/blogi\/wp-content\/uploads\/2014\/01\/www1.png","contentUrl":"https:\/\/www.e-kontakti.fi\/blogi\/wp-content\/uploads\/2014\/01\/www1.png","width":1280,"height":800,"caption":"E-kontakti.fin navikot ja viestit-kansio muuttuivat maaliskuussa 2014."},{"@type":"BreadcrumbList","@id":"https:\/\/www.e-kontakti.fi\/blogi\/uusi-postilaatikko-kaikille-e-kontakti-fin-kayttajille\/#breadcrumb","itemListElement":[{"@type":"ListItem","position":1,"name":"Blogi","item":"https:\/\/www.e-kontakti.fi\/blogi\/"},{"@type":"ListItem","position":2,"name":"Uusi postilaatikko kaikille E-kontakti.fin k\u00e4ytt\u00e4jille"}]},{"@type":"WebSite","@id":"https:\/\/www.e-kontakti.fi\/blogi\/#website","url":"https:\/\/www.e-kontakti.fi\/blogi\/","name":"E-kontakti.fi Blogi","description":"E-kontakti.fi Blogi","potentialAction":[{"@type":"SearchAction","target":{"@type":"EntryPoint","urlTemplate":"https:\/\/www.e-kontakti.fi\/blogi\/?s={search_term_string}"},"query-input":{"@type":"PropertyValueSpecification","valueRequired":true,"valueName":"search_term_string"}}],"inLanguage":"fi"},{"@type":"Person","@id":"https:\/\/www.e-kontakti.fi\/blogi\/#\/schema\/person\/c7a53a1752738430a59d7675d6f3bded","name":"E-kontakti","image":{"@type":"ImageObject","inLanguage":"fi","@id":"https:\/\/secure.gravatar.com\/avatar\/20f5ce6c46d33f9f67728ae74ddfd89e118f93d5170a717b2db160156abd6300?s=96&d=mm&r=g","url":"https:\/\/secure.gravatar.com\/avatar\/20f5ce6c46d33f9f67728ae74ddfd89e118f93d5170a717b2db160156abd6300?s=96&d=mm&r=g","contentUrl":"https:\/\/secure.gravatar.com\/avatar\/20f5ce6c46d33f9f67728ae74ddfd89e118f93d5170a717b2db160156abd6300?s=96&d=mm&r=g","caption":"E-kontakti"},"url":"https:\/\/www.e-kontakti.fi\/blogi\/author\/ektekniikka\/"}]}},"_links":{"self":[{"href":"https:\/\/www.e-kontakti.fi\/blogi\/wp-json\/wp\/v2\/posts\/309","targetHints":{"allow":["GET"]}}],"collection":[{"href":"https:\/\/www.e-kontakti.fi\/blogi\/wp-json\/wp\/v2\/posts"}],"about":[{"href":"https:\/\/www.e-kontakti.fi\/blogi\/wp-json\/wp\/v2\/types\/post"}],"author":[{"embeddable":true,"href":"https:\/\/www.e-kontakti.fi\/blogi\/wp-json\/wp\/v2\/users\/4"}],"replies":[{"embeddable":true,"href":"https:\/\/www.e-kontakti.fi\/blogi\/wp-json\/wp\/v2\/comments?post=309"}],"version-history":[{"count":0,"href":"https:\/\/www.e-kontakti.fi\/blogi\/wp-json\/wp\/v2\/posts\/309\/revisions"}],"wp:attachment":[{"href":"https:\/\/www.e-kontakti.fi\/blogi\/wp-json\/wp\/v2\/media?parent=309"}],"wp:term":[{"taxonomy":"category","embeddable":true,"href":"https:\/\/www.e-kontakti.fi\/blogi\/wp-json\/wp\/v2\/categories?post=309"},{"taxonomy":"post_tag","embeddable":true,"href":"https:\/\/www.e-kontakti.fi\/blogi\/wp-json\/wp\/v2\/tags?post=309"}],"curies":[{"name":"wp","href":"https:\/\/api.w.org\/{rel}","templated":true}]}}