{"id":420,"date":"2014-04-10T09:20:16","date_gmt":"2014-04-10T07:20:16","guid":{"rendered":"https:\/\/www.e-kontakti.fi\/blogi\/?p=420"},"modified":"2015-01-14T09:40:20","modified_gmt":"2015-01-14T07:40:20","slug":"sinkut-taalla-asuvat-viehattavimmat-suomalaiset","status":"publish","type":"post","link":"https:\/\/www.e-kontakti.fi\/blogi\/sinkut-taalla-asuvat-viehattavimmat-suomalaiset\/","title":{"rendered":"Sinkut: T\u00e4\u00e4ll\u00e4 asuvat vieh\u00e4tt\u00e4vimm\u00e4t suomalaiset!"},"content":{"rendered":"<div id=\"attachment_421\" style=\"width: 1268px\" class=\"wp-caption alignnone\"><a href=\"https:\/\/www.e-kontakti.fi\/blogi\/sinkut-taalla-asuvat-viehattavimmat-suomalaiset\/\"><img loading=\"lazy\" decoding=\"async\" aria-describedby=\"caption-attachment-421\" class=\"size-full wp-image-421\" src=\"https:\/\/www.e-kontakti.fi\/blogi\/wp-content\/uploads\/2014\/04\/9278985260_3aee2fb341_b.jpg\" alt=\"Kuva: ::Tanty::\/Flickr\" width=\"1258\" height=\"800\" \/><\/a><p id=\"caption-attachment-421\" class=\"wp-caption-text\"><\/a> E-kontakti.fin blogin lukijoiden mukaan vieh\u00e4tt\u00e4vimm\u00e4t suomalaiset asuvat it\u00e4isess\u00e4 Suomessa. Kuva Savonlinnasta. Kuva: ::Tanty::\/Flickr<\/p><h1 class=\"entry-title front-page\"><a href=\"https:\/\/www.e-kontakti.fi\/blogi\/sinkut-taalla-asuvat-viehattavimmat-suomalaiset\/\" title=\"Sinkut: T\u00e4\u00e4ll\u00e4 asuvat vieh\u00e4tt\u00e4vimm\u00e4t suomalaiset!\" rel=\"bookmark\">Sinkut: T\u00e4\u00e4ll\u00e4 asuvat vieh\u00e4tt\u00e4vimm\u00e4t suomalaiset!<\/a><\/h1><div class=\"entry-timestamp front-page\"><span class=\"entry-timestamp-day\">10. <\/span><span class=\"entry-timestamp-month\">huhtikuuta <\/span><span class=\"entry-timestamp-year\">2014<\/span><\/div><\/div>\n<p><strong>E-kontakti.fin\u00a0kyselyn mukaan sinkut ovat ehdottomasti\u00a0sit\u00e4 mielt\u00e4,\u00a0vieh\u00e4tt\u00e4vist\u00e4 suomalaista asuu maamme it\u00e4isell\u00e4 reunalla. <\/strong><!--more--><\/p>\n<p>E-kontakti.fin blogin kyselyss\u00e4 kysyt\u00e4\u00e4n kaikkea suhteisiin ja nettideittailuun liittyv\u00e4\u00e4, joskus vakavammalla ja t\u00e4ll\u00e4 kertaa hieman huumoripitoisemmalla suhtautumisella.<\/p>\n<h2>Sinkut suosivat it\u00e4\u00e4<\/h2>\n<p>Kysyimme: Miss\u00e4 p\u00e4in Suomea asuvat vieh\u00e4tt\u00e4vimm\u00e4t ihmiset?<\/p>\n<p>Ylivoimaiseen voittoon kiiri it\u00e4suomalaiset 32 prosentilla!<\/p>\n<ul>\n<li>It\u00e4-Suomi 32%<\/li>\n<li>Etel\u00e4-Suomi 22 %<\/li>\n<li>L\u00e4nsi-Suomi 20 %<\/li>\n<li>Pohjois-Suomi 18%<\/li>\n<li>Keski-Suomi 8%<\/li>\n<\/ul>\n<p>T\u00e4m\u00e4 ei toki tule yll\u00e4tyksen\u00e4 E-kontakti.fin blogin lukijoille, tarkka lukija nimitt\u00e4in muistaa ett\u00e4 <a title=\"Suomen seksikk\u00e4in murre? N\u00e4in sinkut vastasivat!\" href=\"https:\/\/www.e-kontakti.fi\/blogi\/suomen-seksikkain-murre-nain-vastasivat\/\">savohan valittiin juuri tammikuussa Suomen seksikk\u00e4imm\u00e4ksi murteeksi \ud83d\ude00<\/a><\/p>\n<p><strong>Nettideittiterveisin,<\/strong><br \/>\nHeli E-kontakti.fist\u00e4<\/p>\n<p>PS. Vastaathan uuteen kyselyymme sivun oikeassa laidassa!<\/p>\n","protected":false},"excerpt":{"rendered":"<p>E-kontakti.fin\u00a0kyselyn mukaan sinkut ovat ehdottomasti\u00a0sit\u00e4 mielt\u00e4,\u00a0vieh\u00e4tt\u00e4vist\u00e4 suomalaista asuu maamme it\u00e4isell\u00e4 reunalla. Sinkut: T\u00e4\u00e4ll\u00e4 asuvat vieh\u00e4tt\u00e4vimm\u00e4t suomalaiset!10. huhtikuuta 2014<\/p>\n","protected":false},"author":4,"featured_media":0,"comment_status":"open","ping_status":"open","sticky":false,"template":"","format":"standard","meta":{"footnotes":""},"categories":[18],"tags":[19],"class_list":["post-420","post","type-post","status-publish","format-standard","hentry","category-kysely","tag-kysely-2"],"yoast_head":"<!-- This site is optimized with the Yoast SEO plugin v27.4 - https:\/\/yoast.com\/product\/yoast-seo-wordpress\/ -->\n<title>Sinkut: T\u00e4\u00e4ll\u00e4 asuvat vieh\u00e4tt\u00e4vimm\u00e4t suomalaiset<\/title>\n<meta name=\"description\" content=\"E-kontakti.fi kysyi lukijoiltaan, miss\u00e4 asuvat vet\u00e4vimm\u00e4t suomalaiset. Katso, mit\u00e4 sinkut vastasivat!\" \/>\n<meta name=\"robots\" content=\"index, follow, max-snippet:-1, max-image-preview:large, max-video-preview:-1\" \/>\n<link rel=\"canonical\" href=\"https:\/\/www.e-kontakti.fi\/blogi\/sinkut-taalla-asuvat-viehattavimmat-suomalaiset\/\" \/>\n<meta property=\"og:locale\" content=\"fi_FI\" \/>\n<meta property=\"og:type\" content=\"article\" \/>\n<meta property=\"og:title\" content=\"Sinkut: T\u00e4\u00e4ll\u00e4 asuvat vieh\u00e4tt\u00e4vimm\u00e4t suomalaiset\" \/>\n<meta property=\"og:description\" content=\"E-kontakti.fi kysyi lukijoiltaan, miss\u00e4 asuvat vet\u00e4vimm\u00e4t suomalaiset. Katso, mit\u00e4 sinkut vastasivat!\" \/>\n<meta property=\"og:url\" content=\"https:\/\/www.e-kontakti.fi\/blogi\/sinkut-taalla-asuvat-viehattavimmat-suomalaiset\/\" \/>\n<meta property=\"og:site_name\" content=\"E-kontakti.fi Blogi\" \/>\n<meta property=\"article:published_time\" content=\"2014-04-10T07:20:16+00:00\" \/>\n<meta property=\"article:modified_time\" content=\"2015-01-14T07:40:20+00:00\" \/>\n<meta property=\"og:image\" content=\"https:\/\/www.e-kontakti.fi\/blogi\/wp-content\/uploads\/2014\/04\/9278985260_3aee2fb341_b.jpg\" \/>\n<meta name=\"author\" content=\"E-kontakti\" \/>\n<meta name=\"twitter:label1\" content=\"Kirjoittanut\" \/>\n\t<meta name=\"twitter:data1\" content=\"E-kontakti\" \/>\n\t<meta name=\"twitter:label2\" content=\"Arvioitu lukuaika\" \/>\n\t<meta name=\"twitter:data2\" content=\"1 minuutti\" \/>\n<script type=\"application\/ld+json\" class=\"yoast-schema-graph\">{\"@context\":\"https:\\\/\\\/schema.org\",\"@graph\":[{\"@type\":\"Article\",\"@id\":\"https:\\\/\\\/www.e-kontakti.fi\\\/blogi\\\/sinkut-taalla-asuvat-viehattavimmat-suomalaiset\\\/#article\",\"isPartOf\":{\"@id\":\"https:\\\/\\\/www.e-kontakti.fi\\\/blogi\\\/sinkut-taalla-asuvat-viehattavimmat-suomalaiset\\\/\"},\"author\":{\"name\":\"E-kontakti\",\"@id\":\"https:\\\/\\\/www.e-kontakti.fi\\\/blogi\\\/#\\\/schema\\\/person\\\/c7a53a1752738430a59d7675d6f3bded\"},\"headline\":\"Sinkut: T\u00e4\u00e4ll\u00e4 asuvat vieh\u00e4tt\u00e4vimm\u00e4t suomalaiset!\",\"datePublished\":\"2014-04-10T07:20:16+00:00\",\"dateModified\":\"2015-01-14T07:40:20+00:00\",\"mainEntityOfPage\":{\"@id\":\"https:\\\/\\\/www.e-kontakti.fi\\\/blogi\\\/sinkut-taalla-asuvat-viehattavimmat-suomalaiset\\\/\"},\"wordCount\":139,\"commentCount\":0,\"image\":{\"@id\":\"https:\\\/\\\/www.e-kontakti.fi\\\/blogi\\\/sinkut-taalla-asuvat-viehattavimmat-suomalaiset\\\/#primaryimage\"},\"thumbnailUrl\":\"https:\\\/\\\/www.e-kontakti.fi\\\/blogi\\\/wp-content\\\/uploads\\\/2014\\\/04\\\/9278985260_3aee2fb341_b.jpg\",\"keywords\":[\"kysely\"],\"articleSection\":[\"Kysely\"],\"inLanguage\":\"fi\",\"potentialAction\":[{\"@type\":\"CommentAction\",\"name\":\"Comment\",\"target\":[\"https:\\\/\\\/www.e-kontakti.fi\\\/blogi\\\/sinkut-taalla-asuvat-viehattavimmat-suomalaiset\\\/#respond\"]}]},{\"@type\":\"WebPage\",\"@id\":\"https:\\\/\\\/www.e-kontakti.fi\\\/blogi\\\/sinkut-taalla-asuvat-viehattavimmat-suomalaiset\\\/\",\"url\":\"https:\\\/\\\/www.e-kontakti.fi\\\/blogi\\\/sinkut-taalla-asuvat-viehattavimmat-suomalaiset\\\/\",\"name\":\"Sinkut: T\u00e4\u00e4ll\u00e4 asuvat vieh\u00e4tt\u00e4vimm\u00e4t suomalaiset\",\"isPartOf\":{\"@id\":\"https:\\\/\\\/www.e-kontakti.fi\\\/blogi\\\/#website\"},\"primaryImageOfPage\":{\"@id\":\"https:\\\/\\\/www.e-kontakti.fi\\\/blogi\\\/sinkut-taalla-asuvat-viehattavimmat-suomalaiset\\\/#primaryimage\"},\"image\":{\"@id\":\"https:\\\/\\\/www.e-kontakti.fi\\\/blogi\\\/sinkut-taalla-asuvat-viehattavimmat-suomalaiset\\\/#primaryimage\"},\"thumbnailUrl\":\"https:\\\/\\\/www.e-kontakti.fi\\\/blogi\\\/wp-content\\\/uploads\\\/2014\\\/04\\\/9278985260_3aee2fb341_b.jpg\",\"datePublished\":\"2014-04-10T07:20:16+00:00\",\"dateModified\":\"2015-01-14T07:40:20+00:00\",\"author\":{\"@id\":\"https:\\\/\\\/www.e-kontakti.fi\\\/blogi\\\/#\\\/schema\\\/person\\\/c7a53a1752738430a59d7675d6f3bded\"},\"description\":\"E-kontakti.fi kysyi lukijoiltaan, miss\u00e4 asuvat vet\u00e4vimm\u00e4t suomalaiset. Katso, mit\u00e4 sinkut vastasivat!\",\"breadcrumb\":{\"@id\":\"https:\\\/\\\/www.e-kontakti.fi\\\/blogi\\\/sinkut-taalla-asuvat-viehattavimmat-suomalaiset\\\/#breadcrumb\"},\"inLanguage\":\"fi\",\"potentialAction\":[{\"@type\":\"ReadAction\",\"target\":[\"https:\\\/\\\/www.e-kontakti.fi\\\/blogi\\\/sinkut-taalla-asuvat-viehattavimmat-suomalaiset\\\/\"]}]},{\"@type\":\"ImageObject\",\"inLanguage\":\"fi\",\"@id\":\"https:\\\/\\\/www.e-kontakti.fi\\\/blogi\\\/sinkut-taalla-asuvat-viehattavimmat-suomalaiset\\\/#primaryimage\",\"url\":\"https:\\\/\\\/www.e-kontakti.fi\\\/blogi\\\/wp-content\\\/uploads\\\/2014\\\/04\\\/9278985260_3aee2fb341_b.jpg\",\"contentUrl\":\"https:\\\/\\\/www.e-kontakti.fi\\\/blogi\\\/wp-content\\\/uploads\\\/2014\\\/04\\\/9278985260_3aee2fb341_b.jpg\",\"width\":1258,\"height\":800,\"caption\":\"E-kontakti.fin blogin lukijoiden mukaan vieh\u00e4tt\u00e4vimm\u00e4t suomalaiset asuvat it\u00e4isess\u00e4 Suomessa. Kuva Savonlinnasta. Kuva: ::Tanty::\\\/Flickr\"},{\"@type\":\"BreadcrumbList\",\"@id\":\"https:\\\/\\\/www.e-kontakti.fi\\\/blogi\\\/sinkut-taalla-asuvat-viehattavimmat-suomalaiset\\\/#breadcrumb\",\"itemListElement\":[{\"@type\":\"ListItem\",\"position\":1,\"name\":\"Blogi\",\"item\":\"https:\\\/\\\/www.e-kontakti.fi\\\/blogi\\\/\"},{\"@type\":\"ListItem\",\"position\":2,\"name\":\"Sinkut: T\u00e4\u00e4ll\u00e4 asuvat vieh\u00e4tt\u00e4vimm\u00e4t suomalaiset!\"}]},{\"@type\":\"WebSite\",\"@id\":\"https:\\\/\\\/www.e-kontakti.fi\\\/blogi\\\/#website\",\"url\":\"https:\\\/\\\/www.e-kontakti.fi\\\/blogi\\\/\",\"name\":\"E-kontakti.fi Blogi\",\"description\":\"E-kontakti.fi Blogi\",\"potentialAction\":[{\"@type\":\"SearchAction\",\"target\":{\"@type\":\"EntryPoint\",\"urlTemplate\":\"https:\\\/\\\/www.e-kontakti.fi\\\/blogi\\\/?s={search_term_string}\"},\"query-input\":{\"@type\":\"PropertyValueSpecification\",\"valueRequired\":true,\"valueName\":\"search_term_string\"}}],\"inLanguage\":\"fi\"},{\"@type\":\"Person\",\"@id\":\"https:\\\/\\\/www.e-kontakti.fi\\\/blogi\\\/#\\\/schema\\\/person\\\/c7a53a1752738430a59d7675d6f3bded\",\"name\":\"E-kontakti\",\"image\":{\"@type\":\"ImageObject\",\"inLanguage\":\"fi\",\"@id\":\"https:\\\/\\\/secure.gravatar.com\\\/avatar\\\/20f5ce6c46d33f9f67728ae74ddfd89e118f93d5170a717b2db160156abd6300?s=96&d=mm&r=g\",\"url\":\"https:\\\/\\\/secure.gravatar.com\\\/avatar\\\/20f5ce6c46d33f9f67728ae74ddfd89e118f93d5170a717b2db160156abd6300?s=96&d=mm&r=g\",\"contentUrl\":\"https:\\\/\\\/secure.gravatar.com\\\/avatar\\\/20f5ce6c46d33f9f67728ae74ddfd89e118f93d5170a717b2db160156abd6300?s=96&d=mm&r=g\",\"caption\":\"E-kontakti\"},\"url\":\"https:\\\/\\\/www.e-kontakti.fi\\\/blogi\\\/author\\\/ektekniikka\\\/\"}]}<\/script>\n<!-- \/ Yoast SEO plugin. -->","yoast_head_json":{"title":"Sinkut: T\u00e4\u00e4ll\u00e4 asuvat vieh\u00e4tt\u00e4vimm\u00e4t suomalaiset","description":"E-kontakti.fi kysyi lukijoiltaan, miss\u00e4 asuvat vet\u00e4vimm\u00e4t suomalaiset. Katso, mit\u00e4 sinkut vastasivat!","robots":{"index":"index","follow":"follow","max-snippet":"max-snippet:-1","max-image-preview":"max-image-preview:large","max-video-preview":"max-video-preview:-1"},"canonical":"https:\/\/www.e-kontakti.fi\/blogi\/sinkut-taalla-asuvat-viehattavimmat-suomalaiset\/","og_locale":"fi_FI","og_type":"article","og_title":"Sinkut: T\u00e4\u00e4ll\u00e4 asuvat vieh\u00e4tt\u00e4vimm\u00e4t suomalaiset","og_description":"E-kontakti.fi kysyi lukijoiltaan, miss\u00e4 asuvat vet\u00e4vimm\u00e4t suomalaiset. Katso, mit\u00e4 sinkut vastasivat!","og_url":"https:\/\/www.e-kontakti.fi\/blogi\/sinkut-taalla-asuvat-viehattavimmat-suomalaiset\/","og_site_name":"E-kontakti.fi Blogi","article_published_time":"2014-04-10T07:20:16+00:00","article_modified_time":"2015-01-14T07:40:20+00:00","og_image":[{"url":"https:\/\/www.e-kontakti.fi\/blogi\/wp-content\/uploads\/2014\/04\/9278985260_3aee2fb341_b.jpg","type":"","width":"","height":""}],"author":"E-kontakti","twitter_misc":{"Kirjoittanut":"E-kontakti","Arvioitu lukuaika":"1 minuutti"},"schema":{"@context":"https:\/\/schema.org","@graph":[{"@type":"Article","@id":"https:\/\/www.e-kontakti.fi\/blogi\/sinkut-taalla-asuvat-viehattavimmat-suomalaiset\/#article","isPartOf":{"@id":"https:\/\/www.e-kontakti.fi\/blogi\/sinkut-taalla-asuvat-viehattavimmat-suomalaiset\/"},"author":{"name":"E-kontakti","@id":"https:\/\/www.e-kontakti.fi\/blogi\/#\/schema\/person\/c7a53a1752738430a59d7675d6f3bded"},"headline":"Sinkut: T\u00e4\u00e4ll\u00e4 asuvat vieh\u00e4tt\u00e4vimm\u00e4t suomalaiset!","datePublished":"2014-04-10T07:20:16+00:00","dateModified":"2015-01-14T07:40:20+00:00","mainEntityOfPage":{"@id":"https:\/\/www.e-kontakti.fi\/blogi\/sinkut-taalla-asuvat-viehattavimmat-suomalaiset\/"},"wordCount":139,"commentCount":0,"image":{"@id":"https:\/\/www.e-kontakti.fi\/blogi\/sinkut-taalla-asuvat-viehattavimmat-suomalaiset\/#primaryimage"},"thumbnailUrl":"https:\/\/www.e-kontakti.fi\/blogi\/wp-content\/uploads\/2014\/04\/9278985260_3aee2fb341_b.jpg","keywords":["kysely"],"articleSection":["Kysely"],"inLanguage":"fi","potentialAction":[{"@type":"CommentAction","name":"Comment","target":["https:\/\/www.e-kontakti.fi\/blogi\/sinkut-taalla-asuvat-viehattavimmat-suomalaiset\/#respond"]}]},{"@type":"WebPage","@id":"https:\/\/www.e-kontakti.fi\/blogi\/sinkut-taalla-asuvat-viehattavimmat-suomalaiset\/","url":"https:\/\/www.e-kontakti.fi\/blogi\/sinkut-taalla-asuvat-viehattavimmat-suomalaiset\/","name":"Sinkut: T\u00e4\u00e4ll\u00e4 asuvat vieh\u00e4tt\u00e4vimm\u00e4t suomalaiset","isPartOf":{"@id":"https:\/\/www.e-kontakti.fi\/blogi\/#website"},"primaryImageOfPage":{"@id":"https:\/\/www.e-kontakti.fi\/blogi\/sinkut-taalla-asuvat-viehattavimmat-suomalaiset\/#primaryimage"},"image":{"@id":"https:\/\/www.e-kontakti.fi\/blogi\/sinkut-taalla-asuvat-viehattavimmat-suomalaiset\/#primaryimage"},"thumbnailUrl":"https:\/\/www.e-kontakti.fi\/blogi\/wp-content\/uploads\/2014\/04\/9278985260_3aee2fb341_b.jpg","datePublished":"2014-04-10T07:20:16+00:00","dateModified":"2015-01-14T07:40:20+00:00","author":{"@id":"https:\/\/www.e-kontakti.fi\/blogi\/#\/schema\/person\/c7a53a1752738430a59d7675d6f3bded"},"description":"E-kontakti.fi kysyi lukijoiltaan, miss\u00e4 asuvat vet\u00e4vimm\u00e4t suomalaiset. Katso, mit\u00e4 sinkut vastasivat!","breadcrumb":{"@id":"https:\/\/www.e-kontakti.fi\/blogi\/sinkut-taalla-asuvat-viehattavimmat-suomalaiset\/#breadcrumb"},"inLanguage":"fi","potentialAction":[{"@type":"ReadAction","target":["https:\/\/www.e-kontakti.fi\/blogi\/sinkut-taalla-asuvat-viehattavimmat-suomalaiset\/"]}]},{"@type":"ImageObject","inLanguage":"fi","@id":"https:\/\/www.e-kontakti.fi\/blogi\/sinkut-taalla-asuvat-viehattavimmat-suomalaiset\/#primaryimage","url":"https:\/\/www.e-kontakti.fi\/blogi\/wp-content\/uploads\/2014\/04\/9278985260_3aee2fb341_b.jpg","contentUrl":"https:\/\/www.e-kontakti.fi\/blogi\/wp-content\/uploads\/2014\/04\/9278985260_3aee2fb341_b.jpg","width":1258,"height":800,"caption":"E-kontakti.fin blogin lukijoiden mukaan vieh\u00e4tt\u00e4vimm\u00e4t suomalaiset asuvat it\u00e4isess\u00e4 Suomessa. Kuva Savonlinnasta. Kuva: ::Tanty::\/Flickr"},{"@type":"BreadcrumbList","@id":"https:\/\/www.e-kontakti.fi\/blogi\/sinkut-taalla-asuvat-viehattavimmat-suomalaiset\/#breadcrumb","itemListElement":[{"@type":"ListItem","position":1,"name":"Blogi","item":"https:\/\/www.e-kontakti.fi\/blogi\/"},{"@type":"ListItem","position":2,"name":"Sinkut: T\u00e4\u00e4ll\u00e4 asuvat vieh\u00e4tt\u00e4vimm\u00e4t suomalaiset!"}]},{"@type":"WebSite","@id":"https:\/\/www.e-kontakti.fi\/blogi\/#website","url":"https:\/\/www.e-kontakti.fi\/blogi\/","name":"E-kontakti.fi Blogi","description":"E-kontakti.fi Blogi","potentialAction":[{"@type":"SearchAction","target":{"@type":"EntryPoint","urlTemplate":"https:\/\/www.e-kontakti.fi\/blogi\/?s={search_term_string}"},"query-input":{"@type":"PropertyValueSpecification","valueRequired":true,"valueName":"search_term_string"}}],"inLanguage":"fi"},{"@type":"Person","@id":"https:\/\/www.e-kontakti.fi\/blogi\/#\/schema\/person\/c7a53a1752738430a59d7675d6f3bded","name":"E-kontakti","image":{"@type":"ImageObject","inLanguage":"fi","@id":"https:\/\/secure.gravatar.com\/avatar\/20f5ce6c46d33f9f67728ae74ddfd89e118f93d5170a717b2db160156abd6300?s=96&d=mm&r=g","url":"https:\/\/secure.gravatar.com\/avatar\/20f5ce6c46d33f9f67728ae74ddfd89e118f93d5170a717b2db160156abd6300?s=96&d=mm&r=g","contentUrl":"https:\/\/secure.gravatar.com\/avatar\/20f5ce6c46d33f9f67728ae74ddfd89e118f93d5170a717b2db160156abd6300?s=96&d=mm&r=g","caption":"E-kontakti"},"url":"https:\/\/www.e-kontakti.fi\/blogi\/author\/ektekniikka\/"}]}},"_links":{"self":[{"href":"https:\/\/www.e-kontakti.fi\/blogi\/wp-json\/wp\/v2\/posts\/420","targetHints":{"allow":["GET"]}}],"collection":[{"href":"https:\/\/www.e-kontakti.fi\/blogi\/wp-json\/wp\/v2\/posts"}],"about":[{"href":"https:\/\/www.e-kontakti.fi\/blogi\/wp-json\/wp\/v2\/types\/post"}],"author":[{"embeddable":true,"href":"https:\/\/www.e-kontakti.fi\/blogi\/wp-json\/wp\/v2\/users\/4"}],"replies":[{"embeddable":true,"href":"https:\/\/www.e-kontakti.fi\/blogi\/wp-json\/wp\/v2\/comments?post=420"}],"version-history":[{"count":0,"href":"https:\/\/www.e-kontakti.fi\/blogi\/wp-json\/wp\/v2\/posts\/420\/revisions"}],"wp:attachment":[{"href":"https:\/\/www.e-kontakti.fi\/blogi\/wp-json\/wp\/v2\/media?parent=420"}],"wp:term":[{"taxonomy":"category","embeddable":true,"href":"https:\/\/www.e-kontakti.fi\/blogi\/wp-json\/wp\/v2\/categories?post=420"},{"taxonomy":"post_tag","embeddable":true,"href":"https:\/\/www.e-kontakti.fi\/blogi\/wp-json\/wp\/v2\/tags?post=420"}],"curies":[{"name":"wp","href":"https:\/\/api.w.org\/{rel}","templated":true}]}}